{"id":2870,"date":"2023-05-26T13:27:51","date_gmt":"2023-05-26T13:27:51","guid":{"rendered":"https:\/\/addevmaterials.com\/?p=2870"},"modified":"2023-06-23T12:49:50","modified_gmt":"2023-06-23T12:49:50","slug":"la-french-care-die-bewegung-der-gesundheitsakteure","status":"publish","type":"post","link":"https:\/\/addevmaterials.com\/de\/la-french-care-le-mouvement-des-acteurs-de-la-sante\/","title":{"rendered":"French Care, die Bewegung der Akteure des Gesundheitswesens"},"content":{"rendered":"<div data-elementor-type=\"wp-post\" data-elementor-id=\"2870\" class=\"elementor elementor-2870\" data-elementor-post-type=\"post\">\n\t\t\t\t\t\t<section class=\"elementor-section elementor-top-section elementor-element elementor-element-174e1a1c elementor-section-boxed elementor-section-height-default elementor-section-height-default\" data-id=\"174e1a1c\" data-element_type=\"section\" data-e-type=\"section\" data-settings=\"{&quot;background_background&quot;:&quot;classic&quot;}\">\n\t\t\t\t\t\t\t<div class=\"elementor-background-overlay\"><\/div>\n\t\t\t\t\t\t\t<div class=\"elementor-container elementor-column-gap-default\">\n\t\t\t\t\t<div class=\"elementor-column elementor-col-100 elementor-top-column elementor-element elementor-element-1f351be2\" data-id=\"1f351be2\" data-element_type=\"column\" data-e-type=\"column\">\n\t\t\t<div class=\"elementor-widget-wrap elementor-element-populated\">\n\t\t\t\t\t\t<div class=\"elementor-element elementor-element-2f697c99 elementor-widget elementor-widget-heading\" data-id=\"2f697c99\" data-element_type=\"widget\" data-e-type=\"widget\" data-widget_type=\"heading.default\">\n\t\t\t\t<div class=\"elementor-widget-container\">\n\t\t\t\t\t<h1 class=\"elementor-heading-title elementor-size-default\">French Care, die Bewegung der Akteure des Gesundheitswesens<\/h1>\t\t\t\t<\/div>\n\t\t\t\t<\/div>\n\t\t\t\t\t<\/div>\n\t\t<\/div>\n\t\t\t\t\t<\/div>\n\t\t<\/section>\n\t\t\t\t<section class=\"elementor-section elementor-top-section elementor-element elementor-element-dbc7a71 elementor-section-boxed elementor-section-height-default elementor-section-height-default\" data-id=\"dbc7a71\" data-element_type=\"section\" data-e-type=\"section\">\n\t\t\t\t\t\t<div class=\"elementor-container elementor-column-gap-default\">\n\t\t\t\t\t<div class=\"elementor-column elementor-col-50 elementor-top-column elementor-element elementor-element-dde4e9f\" data-id=\"dde4e9f\" data-element_type=\"column\" data-e-type=\"column\">\n\t\t\t<div class=\"elementor-widget-wrap elementor-element-populated\">\n\t\t\t\t\t\t<div class=\"elementor-element elementor-element-1639285 elementor-widget elementor-widget-text-editor\" data-id=\"1639285\" data-element_type=\"widget\" data-e-type=\"widget\" data-widget_type=\"text-editor.default\">\n\t\t\t\t<div class=\"elementor-widget-container\">\n\t\t\t\t\t\t\t\t\t<p>Im Jahr 2022 engagiert sich ADDEV Materials nat\u00fcrlich bei French Care, seit es von Bpifrance ins Leben gerufen wurde.<\/p><p>Die Zukunft vorbereiten, gemeinsam innovativ sein, die Exzellenz des franz\u00f6sischen Gesundheitswesens f\u00f6rdern und alle Akteure des franz\u00f6sischen Gesundheitssystems zusammenbringen: Start-ups, gro\u00dfe Konzerne, mittelst\u00e4ndische Unternehmen, Krankenh\u00e4user, Pflegekr\u00e4fte, Patienten, Forschungsinstitute... Das ist die Berufung von French Care.<\/p><p>Die French Care hat die Aufgabe, die verschiedenen Sektoren des Gesundheitssektors zu \u00f6ffnen, um eine gemeinsame Dynamik zwischen den Akteuren des Care-Bereichs entstehen zu lassen, seine St\u00e4rken aufzudecken und gemeinsam an seiner Entwicklung zu arbeiten. Die French Care vereint somit die engagierten Akteure, um Synergien zu schaffen und sie f\u00fcr ein gemeinsames Ziel zu vereinen: ein innovatives und ehrgeiziges Frankreich der Gesundheit zu verk\u00f6rpern.<\/p><p>Die Themen, die im Mittelpunkt der Debatte stehen, sind die Herausforderungen von heute und morgen: MedTech, Ern\u00e4hrung, E-Health, Dienstleistungen im Gesundheitswesen, Dienstleistungen im Zusammenhang mit der Pharmaindustrie, In-vitro-Diagnostik, tragbare Ger\u00e4te.<\/p><p>ADDEV Materials ist daher stolz darauf, zu dieser Gemeinschaft beizutragen und ihre Werte zu teilen: kooperieren, beschleunigen, zusammenbringen und sich auszeichnen!<\/p>\t\t\t\t\t\t\t\t<\/div>\n\t\t\t\t<\/div>\n\t\t\t\t\t<\/div>\n\t\t<\/div>\n\t\t\t\t<div class=\"elementor-column elementor-col-50 elementor-top-column elementor-element elementor-element-ebfd640\" data-id=\"ebfd640\" data-element_type=\"column\" data-e-type=\"column\">\n\t\t\t<div class=\"elementor-widget-wrap elementor-element-populated\">\n\t\t\t\t\t\t<div class=\"elementor-element elementor-element-6a5f3ce elementor-widget elementor-widget-image\" data-id=\"6a5f3ce\" data-element_type=\"widget\" data-e-type=\"widget\" data-widget_type=\"image.default\">\n\t\t\t\t<div class=\"elementor-widget-container\">\n\t\t\t\t\t\t\t\t\t\t\t\t\t\t\t<img decoding=\"async\" src=\"https:\/\/lucid-lamport.51-178-29-101.plesk.page\/wp-content\/uploads\/2023\/05\/FRENCH-CARE-LOGO-VERTICAL-08-1024x998-1.png\" title=\"\" alt=\"\" loading=\"lazy\" \/>\t\t\t\t\t\t\t\t\t\t\t\t\t\t\t<\/div>\n\t\t\t\t<\/div>\n\t\t\t\t\t<\/div>\n\t\t<\/div>\n\t\t\t\t\t<\/div>\n\t\t<\/section>\n\t\t\t\t<\/div>","protected":false},"excerpt":{"rendered":"<p>La French Care, le mouvement des acteurs de la sant\u00e9 En 2022, ADDEV Materials s\u2019est naturellement engag\u00e9e aupr\u00e8s de la French Care d\u00e8s sa cr\u00e9ation par Bpifrance. Pr\u00e9parer l\u2019avenir, innover collectivement, promouvoir l\u2019excellence de la sant\u00e9 en France et rassembler tous les acteurs du syst\u00e8me de sant\u00e9 fran\u00e7ais : startups, grands groupes, ETI, h\u00f4pitaux, soignants, [&hellip;]<\/p>\n","protected":false},"author":4,"featured_media":0,"comment_status":"closed","ping_status":"closed","sticky":false,"template":"elementor_header_footer","format":"standard","meta":{"footnotes":""},"categories":[15],"tags":[],"class_list":["post-2870","post","type-post","status-publish","format-standard","hentry","category-rapport-rse-2023"],"yoast_head":"<!-- This site is optimized with the Yoast SEO plugin v27.5 - https:\/\/yoast.com\/product\/yoast-seo-wordpress\/ -->\n<title>La French Care, le mouvement des acteurs de la sant\u00e9 - ADDEV Materials<\/title>\n<meta name=\"robots\" content=\"index, follow, max-snippet:-1, max-image-preview:large, max-video-preview:-1\" \/>\n<link rel=\"canonical\" href=\"https:\/\/addevmaterials.com\/de\/la-french-care-die-bewegung-der-gesundheitsakteure\/\" \/>\n<meta property=\"og:locale\" content=\"de_DE\" \/>\n<meta property=\"og:type\" content=\"article\" \/>\n<meta property=\"og:title\" content=\"La French Care, le mouvement des acteurs de la sant\u00e9 - ADDEV Materials\" \/>\n<meta property=\"og:description\" content=\"La French Care, le mouvement des acteurs de la sant\u00e9 En 2022, ADDEV Materials s\u2019est naturellement engag\u00e9e aupr\u00e8s de la French Care d\u00e8s sa cr\u00e9ation par Bpifrance. Pr\u00e9parer l\u2019avenir, innover collectivement, promouvoir l\u2019excellence de la sant\u00e9 en France et rassembler tous les acteurs du syst\u00e8me de sant\u00e9 fran\u00e7ais : startups, grands groupes, ETI, h\u00f4pitaux, soignants, [&hellip;]\" \/>\n<meta property=\"og:url\" content=\"https:\/\/addevmaterials.com\/de\/la-french-care-die-bewegung-der-gesundheitsakteure\/\" \/>\n<meta property=\"og:site_name\" content=\"ADDEV Materials\" \/>\n<meta property=\"article:published_time\" content=\"2023-05-26T13:27:51+00:00\" \/>\n<meta property=\"article:modified_time\" content=\"2023-06-23T12:49:50+00:00\" \/>\n<meta property=\"og:image\" content=\"https:\/\/addevmaterials.com\/wp-content\/uploads\/2023\/05\/FRENCH-CARE-LOGO-VERTICAL-08-1024x998-1.png\" \/>\n<meta name=\"twitter:card\" content=\"summary_large_image\" \/>\n<meta name=\"twitter:label1\" content=\"Verfasst von\" \/>\n\t<meta name=\"twitter:data1\" content=\"\" \/>\n\t<meta name=\"twitter:label2\" content=\"Gesch\u00e4tzte Lesezeit\" \/>\n\t<meta name=\"twitter:data2\" content=\"1\u00a0Minute\" \/>\n<script type=\"application\/ld+json\" class=\"yoast-schema-graph\">{\"@context\":\"https:\\\/\\\/schema.org\",\"@graph\":[{\"@type\":\"Article\",\"@id\":\"https:\\\/\\\/addevmaterials.com\\\/en\\\/la-french-care-le-mouvement-des-actacteurs-de-la-sante\\\/#article\",\"isPartOf\":{\"@id\":\"https:\\\/\\\/addevmaterials.com\\\/en\\\/la-french-care-le-mouvement-des-actacteurs-de-la-sante\\\/\"},\"author\":{\"name\":\"\",\"@id\":\"\"},\"headline\":\"La French Care, le mouvement des acteurs de la sant\u00e9\",\"datePublished\":\"2023-05-26T13:27:51+00:00\",\"dateModified\":\"2023-06-23T12:49:50+00:00\",\"mainEntityOfPage\":{\"@id\":\"https:\\\/\\\/addevmaterials.com\\\/en\\\/la-french-care-le-mouvement-des-actacteurs-de-la-sante\\\/\"},\"wordCount\":223,\"image\":{\"@id\":\"https:\\\/\\\/addevmaterials.com\\\/en\\\/la-french-care-le-mouvement-des-actacteurs-de-la-sante\\\/#primaryimage\"},\"thumbnailUrl\":\"https:\\\/\\\/addevmaterials.com\\\/wp-content\\\/uploads\\\/2023\\\/05\\\/FRENCH-CARE-LOGO-VERTICAL-08-1024x998-1.png\",\"articleSection\":[\"Rapport RSE 2023\"],\"inLanguage\":\"de\"},{\"@type\":\"WebPage\",\"@id\":\"https:\\\/\\\/addevmaterials.com\\\/en\\\/la-french-care-le-mouvement-des-actacteurs-de-la-sante\\\/\",\"url\":\"https:\\\/\\\/addevmaterials.com\\\/en\\\/la-french-care-le-mouvement-des-actacteurs-de-la-sante\\\/\",\"name\":\"La French Care, le mouvement des acteurs de la sant\u00e9 - ADDEV Materials\",\"isPartOf\":{\"@id\":\"https:\\\/\\\/addevmaterials.com\\\/fr\\\/#website\"},\"primaryImageOfPage\":{\"@id\":\"https:\\\/\\\/addevmaterials.com\\\/en\\\/la-french-care-le-mouvement-des-actacteurs-de-la-sante\\\/#primaryimage\"},\"image\":{\"@id\":\"https:\\\/\\\/addevmaterials.com\\\/en\\\/la-french-care-le-mouvement-des-actacteurs-de-la-sante\\\/#primaryimage\"},\"thumbnailUrl\":\"https:\\\/\\\/addevmaterials.com\\\/wp-content\\\/uploads\\\/2023\\\/05\\\/FRENCH-CARE-LOGO-VERTICAL-08-1024x998-1.png\",\"datePublished\":\"2023-05-26T13:27:51+00:00\",\"dateModified\":\"2023-06-23T12:49:50+00:00\",\"author\":{\"@id\":\"\"},\"breadcrumb\":{\"@id\":\"https:\\\/\\\/addevmaterials.com\\\/en\\\/la-french-care-le-mouvement-des-actacteurs-de-la-sante\\\/#breadcrumb\"},\"inLanguage\":\"de\",\"potentialAction\":[{\"@type\":\"ReadAction\",\"target\":[\"https:\\\/\\\/addevmaterials.com\\\/en\\\/la-french-care-le-mouvement-des-actacteurs-de-la-sante\\\/\"]}]},{\"@type\":\"ImageObject\",\"inLanguage\":\"de\",\"@id\":\"https:\\\/\\\/addevmaterials.com\\\/en\\\/la-french-care-le-mouvement-des-actacteurs-de-la-sante\\\/#primaryimage\",\"url\":\"https:\\\/\\\/addevmaterials.com\\\/wp-content\\\/uploads\\\/2023\\\/05\\\/FRENCH-CARE-LOGO-VERTICAL-08-1024x998-1.png\",\"contentUrl\":\"https:\\\/\\\/addevmaterials.com\\\/wp-content\\\/uploads\\\/2023\\\/05\\\/FRENCH-CARE-LOGO-VERTICAL-08-1024x998-1.png\"},{\"@type\":\"BreadcrumbList\",\"@id\":\"https:\\\/\\\/addevmaterials.com\\\/en\\\/la-french-care-le-mouvement-des-actacteurs-de-la-sante\\\/#breadcrumb\",\"itemListElement\":[{\"@type\":\"ListItem\",\"position\":1,\"name\":\"Accueil\",\"item\":\"https:\\\/\\\/addevmaterials.com\\\/\"},{\"@type\":\"ListItem\",\"position\":2,\"name\":\"La French Care, le mouvement des acteurs de la sant\u00e9\"}]},{\"@type\":\"WebSite\",\"@id\":\"https:\\\/\\\/addevmaterials.com\\\/fr\\\/#website\",\"url\":\"https:\\\/\\\/addevmaterials.com\\\/fr\\\/\",\"name\":\"ADDEV Materials\",\"description\":\"\",\"potentialAction\":[{\"@type\":\"SearchAction\",\"target\":{\"@type\":\"EntryPoint\",\"urlTemplate\":\"https:\\\/\\\/addevmaterials.com\\\/fr\\\/?s={search_term_string}\"},\"query-input\":{\"@type\":\"PropertyValueSpecification\",\"valueRequired\":true,\"valueName\":\"search_term_string\"}}],\"inLanguage\":\"de\"},{\"@type\":\"Person\",\"@id\":\"\"}]}<\/script>\n<!-- \/ Yoast SEO plugin. -->","yoast_head_json":{"title":"French Care, die Bewegung der Akteure im Gesundheitswesen - ADDEV Materials","robots":{"index":"index","follow":"follow","max-snippet":"max-snippet:-1","max-image-preview":"max-image-preview:large","max-video-preview":"max-video-preview:-1"},"canonical":"https:\/\/addevmaterials.com\/de\/la-french-care-die-bewegung-der-gesundheitsakteure\/","og_locale":"de_DE","og_type":"article","og_title":"La French Care, le mouvement des acteurs de la sant\u00e9 - ADDEV Materials","og_description":"La French Care, le mouvement des acteurs de la sant\u00e9 En 2022, ADDEV Materials s\u2019est naturellement engag\u00e9e aupr\u00e8s de la French Care d\u00e8s sa cr\u00e9ation par Bpifrance. Pr\u00e9parer l\u2019avenir, innover collectivement, promouvoir l\u2019excellence de la sant\u00e9 en France et rassembler tous les acteurs du syst\u00e8me de sant\u00e9 fran\u00e7ais : startups, grands groupes, ETI, h\u00f4pitaux, soignants, [&hellip;]","og_url":"https:\/\/addevmaterials.com\/de\/la-french-care-die-bewegung-der-gesundheitsakteure\/","og_site_name":"ADDEV Materials","article_published_time":"2023-05-26T13:27:51+00:00","article_modified_time":"2023-06-23T12:49:50+00:00","og_image":[{"url":"https:\/\/addevmaterials.com\/wp-content\/uploads\/2023\/05\/FRENCH-CARE-LOGO-VERTICAL-08-1024x998-1.png","type":"","width":"","height":""}],"twitter_card":"summary_large_image","twitter_misc":{"Verfasst von":"","Gesch\u00e4tzte Lesezeit":"1\u00a0Minute"},"schema":{"@context":"https:\/\/schema.org","@graph":[{"@type":"Article","@id":"https:\/\/addevmaterials.com\/en\/la-french-care-le-mouvement-des-actacteurs-de-la-sante\/#article","isPartOf":{"@id":"https:\/\/addevmaterials.com\/en\/la-french-care-le-mouvement-des-actacteurs-de-la-sante\/"},"author":{"name":"","@id":""},"headline":"La French Care, le mouvement des acteurs de la sant\u00e9","datePublished":"2023-05-26T13:27:51+00:00","dateModified":"2023-06-23T12:49:50+00:00","mainEntityOfPage":{"@id":"https:\/\/addevmaterials.com\/en\/la-french-care-le-mouvement-des-actacteurs-de-la-sante\/"},"wordCount":223,"image":{"@id":"https:\/\/addevmaterials.com\/en\/la-french-care-le-mouvement-des-actacteurs-de-la-sante\/#primaryimage"},"thumbnailUrl":"https:\/\/addevmaterials.com\/wp-content\/uploads\/2023\/05\/FRENCH-CARE-LOGO-VERTICAL-08-1024x998-1.png","articleSection":["Rapport RSE 2023"],"inLanguage":"de"},{"@type":"WebPage","@id":"https:\/\/addevmaterials.com\/en\/la-french-care-le-mouvement-des-actacteurs-de-la-sante\/","url":"https:\/\/addevmaterials.com\/en\/la-french-care-le-mouvement-des-actacteurs-de-la-sante\/","name":"French Care, die Bewegung der Akteure im Gesundheitswesen - ADDEV Materials","isPartOf":{"@id":"https:\/\/addevmaterials.com\/fr\/#website"},"primaryImageOfPage":{"@id":"https:\/\/addevmaterials.com\/en\/la-french-care-le-mouvement-des-actacteurs-de-la-sante\/#primaryimage"},"image":{"@id":"https:\/\/addevmaterials.com\/en\/la-french-care-le-mouvement-des-actacteurs-de-la-sante\/#primaryimage"},"thumbnailUrl":"https:\/\/addevmaterials.com\/wp-content\/uploads\/2023\/05\/FRENCH-CARE-LOGO-VERTICAL-08-1024x998-1.png","datePublished":"2023-05-26T13:27:51+00:00","dateModified":"2023-06-23T12:49:50+00:00","author":{"@id":""},"breadcrumb":{"@id":"https:\/\/addevmaterials.com\/en\/la-french-care-le-mouvement-des-actacteurs-de-la-sante\/#breadcrumb"},"inLanguage":"de","potentialAction":[{"@type":"ReadAction","target":["https:\/\/addevmaterials.com\/en\/la-french-care-le-mouvement-des-actacteurs-de-la-sante\/"]}]},{"@type":"ImageObject","inLanguage":"de","@id":"https:\/\/addevmaterials.com\/en\/la-french-care-le-mouvement-des-actacteurs-de-la-sante\/#primaryimage","url":"https:\/\/addevmaterials.com\/wp-content\/uploads\/2023\/05\/FRENCH-CARE-LOGO-VERTICAL-08-1024x998-1.png","contentUrl":"https:\/\/addevmaterials.com\/wp-content\/uploads\/2023\/05\/FRENCH-CARE-LOGO-VERTICAL-08-1024x998-1.png"},{"@type":"BreadcrumbList","@id":"https:\/\/addevmaterials.com\/en\/la-french-care-le-mouvement-des-actacteurs-de-la-sante\/#breadcrumb","itemListElement":[{"@type":"ListItem","position":1,"name":"Accueil","item":"https:\/\/addevmaterials.com\/"},{"@type":"ListItem","position":2,"name":"La French Care, le mouvement des acteurs de la sant\u00e9"}]},{"@type":"WebSite","@id":"https:\/\/addevmaterials.com\/fr\/#website","url":"https:\/\/addevmaterials.com\/fr\/","name":"ADDEV Materials","description":"","potentialAction":[{"@type":"SearchAction","target":{"@type":"EntryPoint","urlTemplate":"https:\/\/addevmaterials.com\/fr\/?s={search_term_string}"},"query-input":{"@type":"PropertyValueSpecification","valueRequired":true,"valueName":"search_term_string"}}],"inLanguage":"de"},{"@type":"Person","@id":""}]}},"distributor_meta":false,"distributor_terms":false,"distributor_media":false,"distributor_original_site_name":"ADDEV Materials","distributor_original_site_url":"https:\/\/addevmaterials.com\/de","push-errors":false,"_links":{"self":[{"href":"https:\/\/addevmaterials.com\/de\/wp-json\/wp\/v2\/posts\/2870","targetHints":{"allow":["GET"]}}],"collection":[{"href":"https:\/\/addevmaterials.com\/de\/wp-json\/wp\/v2\/posts"}],"about":[{"href":"https:\/\/addevmaterials.com\/de\/wp-json\/wp\/v2\/types\/post"}],"author":[{"embeddable":true,"href":"https:\/\/addevmaterials.com\/de\/wp-json\/wp\/v2\/users\/4"}],"replies":[{"embeddable":true,"href":"https:\/\/addevmaterials.com\/de\/wp-json\/wp\/v2\/comments?post=2870"}],"version-history":[{"count":4,"href":"https:\/\/addevmaterials.com\/de\/wp-json\/wp\/v2\/posts\/2870\/revisions"}],"predecessor-version":[{"id":3407,"href":"https:\/\/addevmaterials.com\/de\/wp-json\/wp\/v2\/posts\/2870\/revisions\/3407"}],"wp:attachment":[{"href":"https:\/\/addevmaterials.com\/de\/wp-json\/wp\/v2\/media?parent=2870"}],"wp:term":[{"taxonomy":"category","embeddable":true,"href":"https:\/\/addevmaterials.com\/de\/wp-json\/wp\/v2\/categories?post=2870"},{"taxonomy":"post_tag","embeddable":true,"href":"https:\/\/addevmaterials.com\/de\/wp-json\/wp\/v2\/tags?post=2870"}],"curies":[{"name":"wp","href":"https:\/\/api.w.org\/{rel}","templated":true}]}}