{"id":401,"date":"2022-05-16T07:16:57","date_gmt":"2022-05-16T07:16:57","guid":{"rendered":"https:\/\/corpo.addevmaterials.mx\/?p=401"},"modified":"2026-02-22T21:17:54","modified_gmt":"2026-02-22T21:17:54","slug":"our-energy-and-ecological-transition","status":"publish","type":"post","link":"https:\/\/addevmaterials.com\/de\/our-energy-and-ecological-transition\/","title":{"rendered":"Unser \u00f6kologischer und energetischer \u00dcbergang"},"content":{"rendered":"<div data-elementor-type=\"wp-post\" data-elementor-id=\"401\" class=\"elementor elementor-401\" data-elementor-post-type=\"post\">\n\t\t\t\t\t\t<section class=\"elementor-section elementor-top-section elementor-element elementor-element-17c08df2 elementor-section-boxed elementor-section-height-default elementor-section-height-default\" data-id=\"17c08df2\" data-element_type=\"section\" data-e-type=\"section\" data-settings=\"{&quot;background_background&quot;:&quot;classic&quot;}\">\n\t\t\t\t\t\t\t<div class=\"elementor-background-overlay\"><\/div>\n\t\t\t\t\t\t\t<div class=\"elementor-container elementor-column-gap-default\">\n\t\t\t\t\t<div class=\"elementor-column elementor-col-100 elementor-top-column elementor-element elementor-element-6978cf5d\" data-id=\"6978cf5d\" data-element_type=\"column\" data-e-type=\"column\">\n\t\t\t<div class=\"elementor-widget-wrap elementor-element-populated\">\n\t\t\t\t\t\t<div class=\"elementor-element elementor-element-93c4bb4 elementor-widget elementor-widget-heading\" data-id=\"93c4bb4\" data-element_type=\"widget\" data-e-type=\"widget\" data-widget_type=\"heading.default\">\n\t\t\t\t<div class=\"elementor-widget-container\">\n\t\t\t\t\t<h1 class=\"elementor-heading-title elementor-size-default\">Unser \u00f6kologischer und energetischer \u00dcbergang<\/h1>\t\t\t\t<\/div>\n\t\t\t\t<\/div>\n\t\t\t\t\t<\/div>\n\t\t<\/div>\n\t\t\t\t\t<\/div>\n\t\t<\/section>\n\t\t\t\t<section class=\"elementor-section elementor-top-section elementor-element elementor-element-e3c9dcf elementor-section-boxed elementor-section-height-default elementor-section-height-default\" data-id=\"e3c9dcf\" data-element_type=\"section\" data-e-type=\"section\">\n\t\t\t\t\t\t<div class=\"elementor-container elementor-column-gap-default\">\n\t\t\t\t\t<div class=\"elementor-column elementor-col-100 elementor-top-column elementor-element elementor-element-8ffea73\" data-id=\"8ffea73\" data-element_type=\"column\" data-e-type=\"column\">\n\t\t\t<div class=\"elementor-widget-wrap elementor-element-populated\">\n\t\t\t\t\t\t<div class=\"elementor-element elementor-element-1cf451c elementor-widget elementor-widget-text-editor\" data-id=\"1cf451c\" data-element_type=\"widget\" data-e-type=\"widget\" data-widget_type=\"text-editor.default\">\n\t\t\t\t<div class=\"elementor-widget-container\">\n\t\t\t\t\t\t\t\t\t<p>Reduzierung der CO<sub>2<\/sub>Die COVID-Pandemie hat den \u00f6kologischen und energetischen Wandel zweifellos beschleunigt, indem sie die Interdependenz zwischen Umwelt- und Wirtschaftsproblemen aktualisiert hat. Wir sind alle betroffen: Von den Zulieferern \u00fcber die Produktion und die Logistikkette bis hin zu unseren Kunden ist unsere gesamte Wertsch\u00f6pfungskette an der Reduzierung unserer Umweltauswirkungen beteiligt.<\/p>\t\t\t\t\t\t\t\t<\/div>\n\t\t\t\t<\/div>\n\t\t\t\t\t<\/div>\n\t\t<\/div>\n\t\t\t\t\t<\/div>\n\t\t<\/section>\n\t\t\t\t<section class=\"elementor-section elementor-top-section elementor-element elementor-element-af9e4c0 elementor-section-boxed elementor-section-height-default elementor-section-height-default\" data-id=\"af9e4c0\" data-element_type=\"section\" data-e-type=\"section\">\n\t\t\t\t\t\t<div class=\"elementor-container elementor-column-gap-default\">\n\t\t\t\t\t<div class=\"elementor-column elementor-col-100 elementor-top-column elementor-element elementor-element-70ca7db\" data-id=\"70ca7db\" data-element_type=\"column\" data-e-type=\"column\">\n\t\t\t<div class=\"elementor-widget-wrap elementor-element-populated\">\n\t\t\t\t\t\t<div class=\"elementor-element elementor-element-649a39b elementor-widget elementor-widget-heading\" data-id=\"649a39b\" data-element_type=\"widget\" data-e-type=\"widget\" data-widget_type=\"heading.default\">\n\t\t\t\t<div class=\"elementor-widget-container\">\n\t\t\t\t\t<h2 class=\"elementor-heading-title elementor-size-default\">Die Entkarbonisierung <\/h2>\t\t\t\t<\/div>\n\t\t\t\t<\/div>\n\t\t\t\t<div class=\"elementor-element elementor-element-df7bfc0 elementor-widget elementor-widget-text-editor\" data-id=\"df7bfc0\" data-element_type=\"widget\" data-e-type=\"widget\" data-widget_type=\"text-editor.default\">\n\t\t\t\t<div class=\"elementor-widget-container\">\n\t\t\t\t\t\t\t\t\t<p>Heute arbeiten alle unsere Lieferanten an \"gr\u00fcneren\", sparsameren Produkten, und die Rohstoffknappheit, die Versorgungsschwierigkeiten gekoppelt mit den steigenden Energiepreisen tragen dazu bei, die Suche nach tugendhafteren, sparsameren und n\u00e4her gelegenen Alternativen zu beschleunigen.<\/p><p>Wir sind selbst Akteur bei der Dekarbonisierung unserer industriellen Prozesse auf unseren Scope 1 und 2. Unsere Priorit\u00e4t ist es, weniger und besser zu konsumieren. Auch wenn diese Bereiche weniger als 5 % unserer Kohlenstoffauswirkungen ausmachen, haben sie Priorit\u00e4t, da wir die Mittel haben, direkt zu handeln. Ihre Entwicklung h\u00e4ngt nur von uns ab, und wir m\u00fcssen mit gutem Beispiel vorangehen! In Frankreich sind wir in den Accelerator D\u00e9carbonation von Bpifrance aufgenommen worden, um in diesem Bereich weitere Fortschritte zu erzielen, obwohl bereits 100 % der franz\u00f6sischen Stromvertr\u00e4ge aus erneuerbaren Quellen stammen, haupts\u00e4chlich aus Wasserkraft. Auf internationaler Ebene setzen wir Initiativen zur Nutzung erneuerbarer Energien und zur Senkung des Energieverbrauchs um. Die meisten unserer Standorte haben sich f\u00fcr die Umstellung auf LEDs und\/oder eine Isolationsdiagnose entschieden. In Kalifornien und Polen wurden Photovoltaikanlagen installiert, und in Kanada wird haupts\u00e4chlich Strom aus Wasserkraft genutzt.<\/p><p>Gegen\u00fcber unseren Kunden ist die Suche nach umweltfreundlicheren L\u00f6sungen ein echter Innovationsmotor. Dank unseres Know-hows in der ma\u00dfgeschneiderten Dosierung und Verpackung von Klebstoffen und Chemikalien konnten wir uns bereits eine f\u00fchrende Position in einer Nische der Luftfahrtindustrie erarbeiten. Dieses Fachwissen erm\u00f6glicht es uns, die richtige Menge zu liefern, im Sinne der Abfallreduzierung bei verderblichen Produkten. Mit dem G-PACK-Projekt haben wir nun beschlossen, noch einen Schritt weiter zu gehen und neue Forschungsprojekte zu Verpackungen durchzuf\u00fchren, die darauf abzielen, Beh\u00e4lter zur\u00fcckzugewinnen, wiederzuverwenden, zu verwerten und sogar die Entwicklung von Beh\u00e4ltern auf Pflanzenbasis zu erreichen, die kompostiert werden k\u00f6nnten.<\/p>\t\t\t\t\t\t\t\t<\/div>\n\t\t\t\t<\/div>\n\t\t\t\t<div class=\"elementor-element elementor-element-00e3735 elementor-widget elementor-widget-heading\" data-id=\"00e3735\" data-element_type=\"widget\" data-e-type=\"widget\" data-widget_type=\"heading.default\">\n\t\t\t\t<div class=\"elementor-widget-container\">\n\t\t\t\t\t<h2 class=\"elementor-heading-title elementor-size-default\">Die Arbeit mit unseren Stakeholdern <\/h2>\t\t\t\t<\/div>\n\t\t\t\t<\/div>\n\t\t\t\t<div class=\"elementor-element elementor-element-6593535 elementor-widget elementor-widget-text-editor\" data-id=\"6593535\" data-element_type=\"widget\" data-e-type=\"widget\" data-widget_type=\"text-editor.default\">\n\t\t\t\t<div class=\"elementor-widget-container\">\n\t\t\t\t\t\t\t\t\t<p>Wenn man sich mit der Dekarbonisierung, der Qualit\u00e4t der Materialien im Vorfeld und der Recyclingf\u00e4higkeit der Produkte im Nachgang befasst, geht es um den gesamten Lebenszyklus eines Produkts.<\/p><p>Die Begleitung des wirtschaftlichen und energetischen Wandels unserer Kunden zieht unsere Wachstumsstrategie an. Einige von ihnen sind im \u00dcbrigen starke Motoren unserer Transformation. Dies ist der Fall bei Schneider Electric, der uns bereits 2012 dazu ermutigt hatte, dem Global Compact beizutreten. Nachdem er uns geholfen hatte, die Methode zur Berechnung unseres CO2-Aussto\u00dfes zu definieren, begleitet uns dieser Weltmarktf\u00fchrer heute \u00fcber das Zero-Carbon-Projekt bei der Beschleunigung unserer Dekarbonisierung.<\/p><p>Der Sieg des \u00f6kologischen und energetischen Wandels wird ein kollektiver sein! Gemeinsam mit all unseren Interessengruppen wird es uns gelingen, diese Dimension zu tragen.<\/p><p>Innerhalb von ADDEV Materials geht der \u00dcbergang alle an, und wir sind uns bewusst, dass man ihn nur gemeinsam schaffen kann, wenn man erfolgreich ist. Unabh\u00e4ngig von Berufen, Funktionen, Generationen und L\u00e4ndern ist dies ein sch\u00f6ner Mobilisierungsfaktor. Ich glaube sehr an die Logik der kleinen Schritte, und jeder tr\u00e4gt auf seiner Ebene zu diesem kollektiven Ziel bei, das von unserem Daseinszweck getragen wird: \"Converting industrial challenges into sustainable solutions\".<\/p>\t\t\t\t\t\t\t\t<\/div>\n\t\t\t\t<\/div>\n\t\t\t\t\t<\/div>\n\t\t<\/div>\n\t\t\t\t\t<\/div>\n\t\t<\/section>\n\t\t\t\t<\/div>","protected":false},"excerpt":{"rendered":"<p>Notre transition \u00e9cologique et \u00e9nerg\u00e9tique R\u00e9duire les \u00e9missions de CO2, changer d\u2019\u00e9nergie, r\u00e9industrialiser et relocaliser, d\u00e9velopper une industrie locavore et moins \u00e9nergivore\u2026 la pand\u00e9mie COVID a indubitablement acc\u00e9l\u00e9r\u00e9 la transition \u00e9cologique et \u00e9nerg\u00e9tique en actualisant l\u2019interd\u00e9pendance entre enjeux environnementaux et \u00e9conomiques. Nous sommes tous concern\u00e9s\u00a0: des fournisseurs, en amont, \u00e0 nos clients, en aval, en [&hellip;]<\/p>\n","protected":false},"author":1,"featured_media":0,"comment_status":"open","ping_status":"open","sticky":false,"template":"","format":"standard","meta":{"footnotes":""},"categories":[1],"tags":[],"class_list":["post-401","post","type-post","status-publish","format-standard","hentry","category-uncategorized"],"yoast_head":"<!-- This site is optimized with the Yoast SEO plugin v27.5 - https:\/\/yoast.com\/product\/yoast-seo-wordpress\/ -->\n<title>Notre transition \u00e9cologique et \u00e9nerg\u00e9tique - ADDEV Materials<\/title>\n<meta name=\"robots\" content=\"index, follow, max-snippet:-1, max-image-preview:large, max-video-preview:-1\" \/>\n<link rel=\"canonical\" href=\"https:\/\/addevmaterials.com\/de\/our-energy-and-ecological-transition\/\" \/>\n<meta property=\"og:locale\" content=\"de_DE\" \/>\n<meta property=\"og:type\" content=\"article\" \/>\n<meta property=\"og:title\" content=\"Notre transition \u00e9cologique et \u00e9nerg\u00e9tique - ADDEV Materials\" \/>\n<meta property=\"og:description\" content=\"Notre transition \u00e9cologique et \u00e9nerg\u00e9tique R\u00e9duire les \u00e9missions de CO2, changer d\u2019\u00e9nergie, r\u00e9industrialiser et relocaliser, d\u00e9velopper une industrie locavore et moins \u00e9nergivore\u2026 la pand\u00e9mie COVID a indubitablement acc\u00e9l\u00e9r\u00e9 la transition \u00e9cologique et \u00e9nerg\u00e9tique en actualisant l\u2019interd\u00e9pendance entre enjeux environnementaux et \u00e9conomiques. Nous sommes tous concern\u00e9s\u00a0: des fournisseurs, en amont, \u00e0 nos clients, en aval, en [&hellip;]\" \/>\n<meta property=\"og:url\" content=\"https:\/\/addevmaterials.com\/de\/our-energy-and-ecological-transition\/\" \/>\n<meta property=\"og:site_name\" content=\"ADDEV Materials\" \/>\n<meta property=\"article:published_time\" content=\"2022-05-16T07:16:57+00:00\" \/>\n<meta property=\"article:modified_time\" content=\"2026-02-22T21:17:54+00:00\" \/>\n<meta name=\"author\" content=\"admin\" \/>\n<meta name=\"twitter:card\" content=\"summary_large_image\" \/>\n<meta name=\"twitter:label1\" content=\"Verfasst von\" \/>\n\t<meta name=\"twitter:data1\" content=\"admin\" \/>\n\t<meta name=\"twitter:label2\" content=\"Gesch\u00e4tzte Lesezeit\" \/>\n\t<meta name=\"twitter:data2\" content=\"3\u00a0Minuten\" \/>\n<script type=\"application\/ld+json\" class=\"yoast-schema-graph\">{\"@context\":\"https:\\\/\\\/schema.org\",\"@graph\":[{\"@type\":\"Article\",\"@id\":\"https:\\\/\\\/addevmaterials.com\\\/our-energy-and-ecological-transition\\\/#article\",\"isPartOf\":{\"@id\":\"https:\\\/\\\/addevmaterials.com\\\/our-energy-and-ecological-transition\\\/\"},\"author\":{\"name\":\"admin\",\"@id\":\"https:\\\/\\\/addevmaterials.com\\\/fr\\\/#\\\/schema\\\/person\\\/edf3936c87d4b97a99154490d853f498\"},\"headline\":\"Notre transition \u00e9cologique et \u00e9nerg\u00e9tique\",\"datePublished\":\"2022-05-16T07:16:57+00:00\",\"dateModified\":\"2026-02-22T21:17:54+00:00\",\"mainEntityOfPage\":{\"@id\":\"https:\\\/\\\/addevmaterials.com\\\/our-energy-and-ecological-transition\\\/\"},\"wordCount\":670,\"commentCount\":0,\"articleSection\":[\"Uncategorized\"],\"inLanguage\":\"de\",\"potentialAction\":[{\"@type\":\"CommentAction\",\"name\":\"Comment\",\"target\":[\"https:\\\/\\\/addevmaterials.com\\\/our-energy-and-ecological-transition\\\/#respond\"]}]},{\"@type\":\"WebPage\",\"@id\":\"https:\\\/\\\/addevmaterials.com\\\/our-energy-and-ecological-transition\\\/\",\"url\":\"https:\\\/\\\/addevmaterials.com\\\/our-energy-and-ecological-transition\\\/\",\"name\":\"Notre transition \u00e9cologique et \u00e9nerg\u00e9tique - ADDEV Materials\",\"isPartOf\":{\"@id\":\"https:\\\/\\\/addevmaterials.com\\\/fr\\\/#website\"},\"datePublished\":\"2022-05-16T07:16:57+00:00\",\"dateModified\":\"2026-02-22T21:17:54+00:00\",\"author\":{\"@id\":\"https:\\\/\\\/addevmaterials.com\\\/fr\\\/#\\\/schema\\\/person\\\/edf3936c87d4b97a99154490d853f498\"},\"breadcrumb\":{\"@id\":\"https:\\\/\\\/addevmaterials.com\\\/our-energy-and-ecological-transition\\\/#breadcrumb\"},\"inLanguage\":\"de\",\"potentialAction\":[{\"@type\":\"ReadAction\",\"target\":[\"https:\\\/\\\/addevmaterials.com\\\/our-energy-and-ecological-transition\\\/\"]}]},{\"@type\":\"BreadcrumbList\",\"@id\":\"https:\\\/\\\/addevmaterials.com\\\/our-energy-and-ecological-transition\\\/#breadcrumb\",\"itemListElement\":[{\"@type\":\"ListItem\",\"position\":1,\"name\":\"Accueil\",\"item\":\"https:\\\/\\\/addevmaterials.com\\\/\"},{\"@type\":\"ListItem\",\"position\":2,\"name\":\"Notre transition \u00e9cologique et \u00e9nerg\u00e9tique\"}]},{\"@type\":\"WebSite\",\"@id\":\"https:\\\/\\\/addevmaterials.com\\\/fr\\\/#website\",\"url\":\"https:\\\/\\\/addevmaterials.com\\\/fr\\\/\",\"name\":\"ADDEV Materials\",\"description\":\"\",\"potentialAction\":[{\"@type\":\"SearchAction\",\"target\":{\"@type\":\"EntryPoint\",\"urlTemplate\":\"https:\\\/\\\/addevmaterials.com\\\/fr\\\/?s={search_term_string}\"},\"query-input\":{\"@type\":\"PropertyValueSpecification\",\"valueRequired\":true,\"valueName\":\"search_term_string\"}}],\"inLanguage\":\"de\"},{\"@type\":\"Person\",\"@id\":\"https:\\\/\\\/addevmaterials.com\\\/fr\\\/#\\\/schema\\\/person\\\/edf3936c87d4b97a99154490d853f498\",\"name\":\"admin\",\"image\":{\"@type\":\"ImageObject\",\"inLanguage\":\"de\",\"@id\":\"https:\\\/\\\/secure.gravatar.com\\\/avatar\\\/88c8c958b4aa05f2d3c636cc276ac4c3afbaf59ddd71e2fc57976c85042f30b6?s=96&d=mm&r=g\",\"url\":\"https:\\\/\\\/secure.gravatar.com\\\/avatar\\\/88c8c958b4aa05f2d3c636cc276ac4c3afbaf59ddd71e2fc57976c85042f30b6?s=96&d=mm&r=g\",\"contentUrl\":\"https:\\\/\\\/secure.gravatar.com\\\/avatar\\\/88c8c958b4aa05f2d3c636cc276ac4c3afbaf59ddd71e2fc57976c85042f30b6?s=96&d=mm&r=g\",\"caption\":\"admin\"},\"sameAs\":[\"https:\\\/\\\/addevmaterials.com\"]}]}<\/script>\n<!-- \/ Yoast SEO plugin. -->","yoast_head_json":{"title":"Unser \u00f6kologischer und energetischer \u00dcbergang - ADDEV Materials","robots":{"index":"index","follow":"follow","max-snippet":"max-snippet:-1","max-image-preview":"max-image-preview:large","max-video-preview":"max-video-preview:-1"},"canonical":"https:\/\/addevmaterials.com\/de\/our-energy-and-ecological-transition\/","og_locale":"de_DE","og_type":"article","og_title":"Notre transition \u00e9cologique et \u00e9nerg\u00e9tique - ADDEV Materials","og_description":"Notre transition \u00e9cologique et \u00e9nerg\u00e9tique R\u00e9duire les \u00e9missions de CO2, changer d\u2019\u00e9nergie, r\u00e9industrialiser et relocaliser, d\u00e9velopper une industrie locavore et moins \u00e9nergivore\u2026 la pand\u00e9mie COVID a indubitablement acc\u00e9l\u00e9r\u00e9 la transition \u00e9cologique et \u00e9nerg\u00e9tique en actualisant l\u2019interd\u00e9pendance entre enjeux environnementaux et \u00e9conomiques. Nous sommes tous concern\u00e9s\u00a0: des fournisseurs, en amont, \u00e0 nos clients, en aval, en [&hellip;]","og_url":"https:\/\/addevmaterials.com\/de\/our-energy-and-ecological-transition\/","og_site_name":"ADDEV Materials","article_published_time":"2022-05-16T07:16:57+00:00","article_modified_time":"2026-02-22T21:17:54+00:00","author":"admin","twitter_card":"summary_large_image","twitter_misc":{"Verfasst von":"admin","Gesch\u00e4tzte Lesezeit":"3\u00a0Minuten"},"schema":{"@context":"https:\/\/schema.org","@graph":[{"@type":"Article","@id":"https:\/\/addevmaterials.com\/our-energy-and-ecological-transition\/#article","isPartOf":{"@id":"https:\/\/addevmaterials.com\/our-energy-and-ecological-transition\/"},"author":{"name":"admin","@id":"https:\/\/addevmaterials.com\/fr\/#\/schema\/person\/edf3936c87d4b97a99154490d853f498"},"headline":"Notre transition \u00e9cologique et \u00e9nerg\u00e9tique","datePublished":"2022-05-16T07:16:57+00:00","dateModified":"2026-02-22T21:17:54+00:00","mainEntityOfPage":{"@id":"https:\/\/addevmaterials.com\/our-energy-and-ecological-transition\/"},"wordCount":670,"commentCount":0,"articleSection":["Uncategorized"],"inLanguage":"de","potentialAction":[{"@type":"CommentAction","name":"Comment","target":["https:\/\/addevmaterials.com\/our-energy-and-ecological-transition\/#respond"]}]},{"@type":"WebPage","@id":"https:\/\/addevmaterials.com\/our-energy-and-ecological-transition\/","url":"https:\/\/addevmaterials.com\/our-energy-and-ecological-transition\/","name":"Unser \u00f6kologischer und energetischer \u00dcbergang - ADDEV Materials","isPartOf":{"@id":"https:\/\/addevmaterials.com\/fr\/#website"},"datePublished":"2022-05-16T07:16:57+00:00","dateModified":"2026-02-22T21:17:54+00:00","author":{"@id":"https:\/\/addevmaterials.com\/fr\/#\/schema\/person\/edf3936c87d4b97a99154490d853f498"},"breadcrumb":{"@id":"https:\/\/addevmaterials.com\/our-energy-and-ecological-transition\/#breadcrumb"},"inLanguage":"de","potentialAction":[{"@type":"ReadAction","target":["https:\/\/addevmaterials.com\/our-energy-and-ecological-transition\/"]}]},{"@type":"BreadcrumbList","@id":"https:\/\/addevmaterials.com\/our-energy-and-ecological-transition\/#breadcrumb","itemListElement":[{"@type":"ListItem","position":1,"name":"Accueil","item":"https:\/\/addevmaterials.com\/"},{"@type":"ListItem","position":2,"name":"Notre transition \u00e9cologique et \u00e9nerg\u00e9tique"}]},{"@type":"WebSite","@id":"https:\/\/addevmaterials.com\/fr\/#website","url":"https:\/\/addevmaterials.com\/fr\/","name":"ADDEV Materials","description":"","potentialAction":[{"@type":"SearchAction","target":{"@type":"EntryPoint","urlTemplate":"https:\/\/addevmaterials.com\/fr\/?s={search_term_string}"},"query-input":{"@type":"PropertyValueSpecification","valueRequired":true,"valueName":"search_term_string"}}],"inLanguage":"de"},{"@type":"Person","@id":"https:\/\/addevmaterials.com\/fr\/#\/schema\/person\/edf3936c87d4b97a99154490d853f498","name":"admin","image":{"@type":"ImageObject","inLanguage":"de","@id":"https:\/\/secure.gravatar.com\/avatar\/88c8c958b4aa05f2d3c636cc276ac4c3afbaf59ddd71e2fc57976c85042f30b6?s=96&d=mm&r=g","url":"https:\/\/secure.gravatar.com\/avatar\/88c8c958b4aa05f2d3c636cc276ac4c3afbaf59ddd71e2fc57976c85042f30b6?s=96&d=mm&r=g","contentUrl":"https:\/\/secure.gravatar.com\/avatar\/88c8c958b4aa05f2d3c636cc276ac4c3afbaf59ddd71e2fc57976c85042f30b6?s=96&d=mm&r=g","caption":"admin"},"sameAs":["https:\/\/addevmaterials.com"]}]}},"distributor_meta":false,"distributor_terms":false,"distributor_media":false,"distributor_original_site_name":"ADDEV Materials","distributor_original_site_url":"https:\/\/addevmaterials.com\/de","push-errors":false,"_links":{"self":[{"href":"https:\/\/addevmaterials.com\/de\/wp-json\/wp\/v2\/posts\/401","targetHints":{"allow":["GET"]}}],"collection":[{"href":"https:\/\/addevmaterials.com\/de\/wp-json\/wp\/v2\/posts"}],"about":[{"href":"https:\/\/addevmaterials.com\/de\/wp-json\/wp\/v2\/types\/post"}],"author":[{"embeddable":true,"href":"https:\/\/addevmaterials.com\/de\/wp-json\/wp\/v2\/users\/1"}],"replies":[{"embeddable":true,"href":"https:\/\/addevmaterials.com\/de\/wp-json\/wp\/v2\/comments?post=401"}],"version-history":[{"count":3,"href":"https:\/\/addevmaterials.com\/de\/wp-json\/wp\/v2\/posts\/401\/revisions"}],"predecessor-version":[{"id":10318,"href":"https:\/\/addevmaterials.com\/de\/wp-json\/wp\/v2\/posts\/401\/revisions\/10318"}],"wp:attachment":[{"href":"https:\/\/addevmaterials.com\/de\/wp-json\/wp\/v2\/media?parent=401"}],"wp:term":[{"taxonomy":"category","embeddable":true,"href":"https:\/\/addevmaterials.com\/de\/wp-json\/wp\/v2\/categories?post=401"},{"taxonomy":"post_tag","embeddable":true,"href":"https:\/\/addevmaterials.com\/de\/wp-json\/wp\/v2\/tags?post=401"}],"curies":[{"name":"wp","href":"https:\/\/api.w.org\/{rel}","templated":true}]}}